{"id":1515,"date":"2009-03-21T18:00:17","date_gmt":"2009-03-21T17:00:17","guid":{"rendered":"http:\/\/blogkom.net\/wp\/?p=1515"},"modified":"2009-03-21T18:00:17","modified_gmt":"2009-03-21T17:00:17","slug":"ein-jahr-spater","status":"publish","type":"post","link":"https:\/\/blogkom.net\/wp\/ein-jahr-spater\/21\/03\/2009","title":{"rendered":"Ein Jahr sp\u00e4ter"},"content":{"rendered":"<p>Vor genau einem Jahr, am 21. M\u00e4rz 2008, hatten wir gem\u00e4ss <a title=\"Hudelwetter\" href=\"http:\/\/blogkom.net\/wp\/?p=663\">meinem Eintrag<\/a> in diesem Blog gar nicht sch\u00f6nes Wetter, ich schrieb sogar von &#8222;Hudelwetter&#8220;. Zum Gl\u00fcck gibts solche Eintr\u00e4ge, mein &#8222;Wetterged\u00e4chnis&#8220; ist immer sehr l\u00fcckenhaft &#8211; ich h\u00e4tte also nicht mehr sagen k\u00f6nnen, wie es vor einem Jahr nun wirklich war. Ein Jahr sp\u00e4ter, also heute, war das Gegenteil der Fall &#8211; wundersch\u00f6nes Wetter &#8211; je nach H\u00f6he Fr\u00fchlingswetter (zwar etwas kalt) oder nochmals ein sch\u00f6ner Wintertag. Und so haben wir uns alle zu einer tollen Winterwanderung aufgemacht. Mit den Schneeschuhen kam man auf dem harten oder weichen Schnee problemlos vorw\u00e4rts und schon bald waren wir \u00fcber der Waldgrenze. Das Panorama war einfach wundersch\u00f6n &#8211; die Mittagspause wurde sehr lang. Aber irgend einmal musste wieder an den Abstieg gedacht werden. Nun sind wir wieder alle zu Hause, zwar etwas m\u00fcde &#8211; aber diese M\u00fcdigkeit ist ja viel angenehmer, als wenn man den ganzen Tag im Haus rumgesessen h\u00e4tte. Wie wird das Wetter wohl in einem Jahr sein&#8230;?<\/p>\n","protected":false},"excerpt":{"rendered":"<p>Vor genau einem Jahr, am 21. M\u00e4rz 2008, hatten wir gem\u00e4ss meinem Eintrag in diesem Blog gar nicht sch\u00f6nes Wetter, ich schrieb sogar von &#8222;Hudelwetter&#8220;. Zum Gl\u00fcck gibts solche Eintr\u00e4ge, mein &#8222;Wetterged\u00e4chnis&#8220; ist immer sehr l\u00fcckenhaft &#8211; ich h\u00e4tte also nicht mehr sagen k\u00f6nnen, wie es vor einem Jahr nun wirklich war. Ein Jahr sp\u00e4ter, [&hellip;]<\/p>\n","protected":false},"author":1,"featured_media":0,"comment_status":"open","ping_status":"open","sticky":false,"template":"","format":"standard","meta":{"footnotes":""},"categories":[2],"tags":[36],"_links":{"self":[{"href":"https:\/\/blogkom.net\/wp\/wp-json\/wp\/v2\/posts\/1515"}],"collection":[{"href":"https:\/\/blogkom.net\/wp\/wp-json\/wp\/v2\/posts"}],"about":[{"href":"https:\/\/blogkom.net\/wp\/wp-json\/wp\/v2\/types\/post"}],"author":[{"embeddable":true,"href":"https:\/\/blogkom.net\/wp\/wp-json\/wp\/v2\/users\/1"}],"replies":[{"embeddable":true,"href":"https:\/\/blogkom.net\/wp\/wp-json\/wp\/v2\/comments?post=1515"}],"version-history":[{"count":0,"href":"https:\/\/blogkom.net\/wp\/wp-json\/wp\/v2\/posts\/1515\/revisions"}],"wp:attachment":[{"href":"https:\/\/blogkom.net\/wp\/wp-json\/wp\/v2\/media?parent=1515"}],"wp:term":[{"taxonomy":"category","embeddable":true,"href":"https:\/\/blogkom.net\/wp\/wp-json\/wp\/v2\/categories?post=1515"},{"taxonomy":"post_tag","embeddable":true,"href":"https:\/\/blogkom.net\/wp\/wp-json\/wp\/v2\/tags?post=1515"}],"curies":[{"name":"wp","href":"https:\/\/api.w.org\/{rel}","templated":true}]}}