{"id":1517,"date":"2009-03-22T15:30:10","date_gmt":"2009-03-22T14:30:10","guid":{"rendered":"http:\/\/blogkom.net\/wp\/?p=1517"},"modified":"2009-03-22T15:30:10","modified_gmt":"2009-03-22T14:30:10","slug":"sonntagspresse","status":"publish","type":"post","link":"https:\/\/blogkom.net\/wp\/sonntagspresse\/22\/03\/2009","title":{"rendered":"Sonntagspresse"},"content":{"rendered":"<p>Ich wollte mir den sch\u00f6nen Sonntag nicht verderben lassen &#8211; darum warf ich heute Morgen auch nur einen ganz kurzen Blick (nein, da ist nicht die Zeitung gleichen Names gemeint) in die Sonntagspresse. Und meine Vermutung wurde nur best\u00e4tigt &#8211; da gibts nichts anderes, als die alt bekannten Themen: UBS und Boni, Steinbr\u00fcck und Indianer, Bundesrat und Skandale, Blocher und Tigris, Mordf\u00e4lle in der Schweiz und in Deutschland. Manchmal frage ich mich, wozu es eigentlich eine &#8222;Sonntagspresse&#8220; eigentlich braucht. Viel eher wird dieses &#8222;Instrument&#8220; dazu gebraucht, sogenannte &#8222;Breaking-News&#8220; und &#8222;Enth\u00fcllungen&#8220; zu ver\u00f6ffentlichen. Weil aber Sonntag ist, kann da nicht sofort eine Stellungsnahme der Angegriffenen erwartet werden und somit &#8222;wirkt&#8220; es dann vermeindlich besser und l\u00e4nger. Bei mir bewirkt es eigentlich nur das Gegenteil &#8211; je l\u00e4nger je mehr lassen mich die Politik und die Politiker ratlos &#8211; da wird st\u00e4ndig nur noch irgendwelchen Kampagnen und Ereignissen hinterher gerannt, um ja auch damit noch ein politisches S\u00fcppchen kochen zu k\u00f6nnen. Irgendwie schade, dass solches Tun jeweils bei den n\u00e4chsten Wahlen schon wieder in Vergessenheit geraten ist.<\/p>\n","protected":false},"excerpt":{"rendered":"<p>Ich wollte mir den sch\u00f6nen Sonntag nicht verderben lassen &#8211; darum warf ich heute Morgen auch nur einen ganz kurzen Blick (nein, da ist nicht die Zeitung gleichen Names gemeint) in die Sonntagspresse. Und meine Vermutung wurde nur best\u00e4tigt &#8211; da gibts nichts anderes, als die alt bekannten Themen: UBS und Boni, Steinbr\u00fcck und Indianer, [&hellip;]<\/p>\n","protected":false},"author":1,"featured_media":0,"comment_status":"open","ping_status":"open","sticky":false,"template":"","format":"standard","meta":{"footnotes":""},"categories":[3],"tags":[226],"_links":{"self":[{"href":"https:\/\/blogkom.net\/wp\/wp-json\/wp\/v2\/posts\/1517"}],"collection":[{"href":"https:\/\/blogkom.net\/wp\/wp-json\/wp\/v2\/posts"}],"about":[{"href":"https:\/\/blogkom.net\/wp\/wp-json\/wp\/v2\/types\/post"}],"author":[{"embeddable":true,"href":"https:\/\/blogkom.net\/wp\/wp-json\/wp\/v2\/users\/1"}],"replies":[{"embeddable":true,"href":"https:\/\/blogkom.net\/wp\/wp-json\/wp\/v2\/comments?post=1517"}],"version-history":[{"count":0,"href":"https:\/\/blogkom.net\/wp\/wp-json\/wp\/v2\/posts\/1517\/revisions"}],"wp:attachment":[{"href":"https:\/\/blogkom.net\/wp\/wp-json\/wp\/v2\/media?parent=1517"}],"wp:term":[{"taxonomy":"category","embeddable":true,"href":"https:\/\/blogkom.net\/wp\/wp-json\/wp\/v2\/categories?post=1517"},{"taxonomy":"post_tag","embeddable":true,"href":"https:\/\/blogkom.net\/wp\/wp-json\/wp\/v2\/tags?post=1517"}],"curies":[{"name":"wp","href":"https:\/\/api.w.org\/{rel}","templated":true}]}}