{"id":2366,"date":"2010-09-07T14:55:11","date_gmt":"2010-09-07T12:55:11","guid":{"rendered":"http:\/\/blogkom.net\/wp\/?p=2366"},"modified":"2012-09-29T20:46:32","modified_gmt":"2012-09-29T18:46:32","slug":"streik-sncf-in-frankreich","status":"publish","type":"post","link":"https:\/\/blogkom.net\/wp\/streik-sncf-in-frankreich\/07\/09\/2010","title":{"rendered":"Streik SNCF in Frankreich"},"content":{"rendered":"<p>Wer jetzt mit dem Zug nach Frankreich reisen will, muss sich vorher gut informieren, es k\u00f6nnte durchaus sein, dass die gew\u00e4hlte Verbindung wegen dem Streik entf\u00e4llt:<\/p>\n<blockquote><p>Streik: Der Bahnverkehr Frankreich ist nur eingeschr\u00e4nkt m\u00f6glich.<\/p>\n<p>Der Zug IR 90 \/ Z\u00fcrich HB (11:36) &#8211; Bruxelles-Midi (19:50) f\u00e4llt zwischen Basel SBB und Bruxelles-Midi aus.<\/p>\n<p>Der Zug IR 96 \/ Z\u00fcrich HB (14:36) &#8211; Bruxelles-Midi (22:50) f\u00e4llt zwischen Basel SBB und Bruxelles-Midi aus.<\/p>\n<p>Der Zug IR 91 \/ Bruxelles-Midi (07:33) &#8211; Chur (17:43) f\u00e4llt zwischen Bruxelles-Midi und Basel SBB aus.<\/p>\n<p>Der Zug IR 97 \/ Bruxelles-Midi (13:09) &#8211; Z\u00fcrich HB (21:24) f\u00e4llt zwischen Bruxelles-Midi und Basel SBB aus.<\/p>\n<p>Der Zug EC 296 Basel SBB (06:46) &#8211; Bruxelles Midi (13:27) f\u00e4llt aus.<\/p>\n<p>Der Zug TGV 9284 \/ Bern (08:31) &#8211; Paris-Gare-de-Lyon (13:03) f\u00e4llt aus.<\/p>\n<p>Der Zug TGV 6584 \/ Paris-Gare-de-Lyon ( 19:08) &#8211; Bern (22:45) f\u00e4llt aus.<\/p>\n<p>Der Zug TGV 6584 \/ Gen\u00c3\u00a8ve (19:17) &#8211; Paris-Gare-de-Lyon (22:49) f\u00e4llt aus.<\/p>\n<p>Der Zug TGV 9287 \/ Paris-Gare-de-Lyon ( 16:58) &#8211; Bern (21:40) f\u00e4llt aus.<\/p>\n<p>Der Zug TGV 9264 \/ Lausanne (09:22) &#8211; Paris-Gare-de-Lyon (13:03) f\u00e4llt aus.<\/p>\n<p>Der Zug TGV 9277 \/ Paris-Gare-de-Lyon (17:58) &#8211; Lausanne (21:37) f\u00e4llt aus.<\/p>\n<p>Der Zug TGV 6560 \/ Gen\u00c3\u00a8ve (05:35) &#8211; Paris-Gare-de-Lyon (09:03) f\u00e4llt aus.<\/p>\n<p>Der Zug TGV 6584 \/ Gen\u00c3\u00a8ve (19:17) &#8211; Paris-Gare-de-Lyon (22:49) f\u00e4llt aus.<\/p>\n<p>Der Zug TGV 6585 \/ Paris-Gare-de-Lyon (19:08) &#8211; Gen\u00c3\u00a8ve (22:45) f\u00e4llt aus.<\/p>\n<p>Der Zug TGV 6806 \/ Gen\u00c3\u00a8ve (08:17) &#8211; Marseille-Saint-Charles (11:47) f\u00e4llt aus.<\/p>\n<p>Der Zug TGV 6874 \/ Marseille-Saint-Charles (19:09) &#8211; Gen\u00c3\u00a8ve (22:33) f\u00e4llt aus.<\/p>\n<p>Der Zug TGV 6816 \/ Gen\u00c3\u00a8ve (11:17) &#8211; Montpellier (14:55) f\u00e4llt aus.<\/p>\n<p>Der Zug TGV 6866 \/ Montpellier (13:56) &#8211; Gen\u00c3\u00a8ve (17:35) f\u00e4llt aus.<\/p>\n<p>Der Zug TGV 6818 \/ Gen\u00c3\u00a8ve (13:44) &#8211; Nice Ville (20:04) f\u00e4llt aus.<\/p>\n<p>Der Zug TGV 6886 \/ Nice Ville (13:23) &#8211; Gen\u00c3\u00a8ve (19:42) f\u00e4llt aus.<\/p>\n<p>Der Zug RE 96401 \/ Morteau (05:18) &#8211; La Chaux-de-Fonds (05:46) f\u00e4llt zwischen Morteau und La Chaux-de-Fonds aus.<\/p>\n<p>Der Zug RE 96405 \/ Morteau (06:23) &#8211; La Chaux-de-Fonds (06:50) f\u00e4llt zwischen Morteau und La Chaux-de-Fonds aus.<\/p>\n<p>Der Zug RE 96407 \/ Morteau (07:25) &#8211; La Chaux-de-Fonds (07:51) f\u00e4llt zwischen Morteau und La Chaux-de-Fonds aus.<\/p>\n<p>Der Zug RE 96415 \/ Besan\u00c3\u00a7on-Viotte (10:01) &#8211; La Chaux-de-Fonds (11:49) f\u00e4llt zwischen Besan\u00c3\u00a7on-Viotte und La Chaux-de-Fonds aus.<\/p>\n<p>Der Zug RE 96417 \/ Besan\u00c3\u00a7on-Viotte (13:56) &#8211; La Chaux-de-Fonds (15:50) f\u00e4llt zwischen Besan\u00c3\u00a7on-Viotte und La Chaux-de-Fonds aus.<\/p>\n<p>Der Zug RE 96419 \/ Besan\u00c3\u00a7on-Viotte (18:24) &#8211; La Chaux-de-Fonds (20:17) f\u00e4llt zwischen Besan\u00c3\u00a7on-Viotte und La Chaux-de-Fonds aus.<\/p>\n<p>Der Zug RE 96402 \/ La Chaux-de-Fonds (05:54) &#8211; Morteau (06:18) f\u00e4llt zwischen La Chaux-de-Fonds und Morteau aus.<\/p>\n<p>Der Zug RE 96408 \/ La Chaux-de-Fonds (06:58) &#8211; Morteau (07:21) f\u00e4llt zwischen La Chaux-de-Fonds und Morteau aus.<\/p>\n<p>Der Zug RE 96412 \/ La Chaux-de-Fonds (08:10) &#8211; Besan\u00c3\u00a7on-Viotte (10:01) f\u00e4llt zwischen La Chaux-de-Fonds und Besan\u00c3\u00a7on-Viotte aus.<\/p>\n<p>Der Zug RE 96424 \/ La Chaux-de-Fonds (16:10) &#8211; Besan\u00c3\u00a7on-Viotte (17:54) f\u00e4llt zwischen La Chaux-de-Fonds und Besan\u00c3\u00a7on-Viotte aus.<\/p>\n<p>Der Zug RE 96426 \/ La Chaux-de-Fonds (17:10) &#8211; Besan\u00c3\u00a7on-Viotte (19:01) f\u00e4llt zwischen La Chaux-de-Fonds und Besan\u00c3\u00a7on-Viotte aus.<\/p>\n<p>Der Zug RE 96428 \/ La Chaux-de-Fonds (20:41) &#8211; Morteau (21:09) f\u00e4llt zwischen La Chaux-de-Fonds und Morteau aus.<\/p>\n<p>Der Zug RE 9606 \/ Neuch\u00c3\u00a2tel &#8211; Frasne f\u00e4llt aus.<\/p>\n<p>Der Zug RE 96930 \/ Bern &#8211; Frasne f\u00e4llt aus.<\/p>\n<p>Der Zug RE 96909 \/ Frasne &#8211; Bern f\u00e4llt aus.<\/p>\n<p>Der Zug RE 96027 \/ Frasne &#8211; Neuch\u00c3\u00a2tel f\u00e4llt aus.<\/p>\n<p>Dauer des Streiks von 06.09.2010 20:00 Uhr &#8211; 08.09.2010 08:00 Uhr.<\/p>\n<p>via <a href=\"http:\/\/mct.sbb.ch\/mct\/betriebslage\">SBB: Bahnverkehrsinformation<\/a><\/p><\/blockquote>\n","protected":false},"excerpt":{"rendered":"<p>Wer jetzt mit dem Zug nach Frankreich reisen will, muss sich vorher gut informieren, es k\u00f6nnte durchaus sein, dass die gew\u00e4hlte Verbindung wegen dem Streik entf\u00e4llt: Streik: Der Bahnverkehr Frankreich ist nur eingeschr\u00e4nkt m\u00f6glich. Der Zug IR 90 \/ Z\u00fcrich HB (11:36) &#8211; Bruxelles-Midi (19:50) f\u00e4llt zwischen Basel SBB und Bruxelles-Midi aus. Der Zug IR [&hellip;]<\/p>\n","protected":false},"author":1,"featured_media":0,"comment_status":"open","ping_status":"open","sticky":false,"template":"","format":"standard","meta":{"footnotes":""},"categories":[2],"tags":[291],"_links":{"self":[{"href":"https:\/\/blogkom.net\/wp\/wp-json\/wp\/v2\/posts\/2366"}],"collection":[{"href":"https:\/\/blogkom.net\/wp\/wp-json\/wp\/v2\/posts"}],"about":[{"href":"https:\/\/blogkom.net\/wp\/wp-json\/wp\/v2\/types\/post"}],"author":[{"embeddable":true,"href":"https:\/\/blogkom.net\/wp\/wp-json\/wp\/v2\/users\/1"}],"replies":[{"embeddable":true,"href":"https:\/\/blogkom.net\/wp\/wp-json\/wp\/v2\/comments?post=2366"}],"version-history":[{"count":0,"href":"https:\/\/blogkom.net\/wp\/wp-json\/wp\/v2\/posts\/2366\/revisions"}],"wp:attachment":[{"href":"https:\/\/blogkom.net\/wp\/wp-json\/wp\/v2\/media?parent=2366"}],"wp:term":[{"taxonomy":"category","embeddable":true,"href":"https:\/\/blogkom.net\/wp\/wp-json\/wp\/v2\/categories?post=2366"},{"taxonomy":"post_tag","embeddable":true,"href":"https:\/\/blogkom.net\/wp\/wp-json\/wp\/v2\/tags?post=2366"}],"curies":[{"name":"wp","href":"https:\/\/api.w.org\/{rel}","templated":true}]}}