{"id":337,"date":"2007-06-04T11:28:56","date_gmt":"2007-06-04T09:28:56","guid":{"rendered":"http:\/\/blogkom.net\/wp\/?p=337"},"modified":"2007-10-20T22:45:37","modified_gmt":"2007-10-20T20:45:37","slug":"fedora-7","status":"publish","type":"post","link":"https:\/\/blogkom.net\/wp\/fedora-7\/04\/06\/2007","title":{"rendered":"Fedora 7"},"content":{"rendered":"<p>Vor etwa 7 Monaten habe ich schon mal etwas \u00fcber Fedora und das Upgrade auf Version 6 <a href=\"http:\/\/blogkom.net\/wp\/?p=116\" title=\"Fedora Core 6\">geschrieben<\/a>. Da nun letzte Woche eine neue Version, <a href=\"http:\/\/fedoraproject.org\/\" target=\"_blank\" title=\"Fedora 7\">Fedora 7<\/a> angek\u00fcndigt wurde, machte ich mich daran, auch dieses Upgrade einzuspielen. Ich musste mich zwar zuerst etwas in Geduld \u00fcben &#8211; viele andere hatten offenbar die selbe Idee und die Download-Server waren ziemlich ausgelastet. Da ich mir das DVD-Image runter laden wollte, startete ich den Download zu einer Randzeit, das heisst am fr\u00fchen Morgen. Das ging das ziemlich flott und die 2.8 GB waren bald \u00fcbertragen. Die Installation als Upgrade lief problemlos ab. F\u00fcr ein paar wenige zus\u00e4tzliche Pakete mussten ebenfalls die neusten Versionen geholt werden und f\u00fcr zwei Module, die hier selber kompiliert wurden, musste das wiederholt werden. Aber soweit ich sehe, l\u00e4uft alles wieder bestens. Das n\u00e4chste Upgrade auf Version 8 ist auch schon f\u00fcr den kommenden Herbst angek\u00fcndigt &#8211; die Arbeit geht also nicht aus \ud83d\ude42<\/p>\n","protected":false},"excerpt":{"rendered":"<p>Vor etwa 7 Monaten habe ich schon mal etwas \u00fcber Fedora und das Upgrade auf Version 6 geschrieben. Da nun letzte Woche eine neue Version, Fedora 7 angek\u00fcndigt wurde, machte ich mich daran, auch dieses Upgrade einzuspielen. Ich musste mich zwar zuerst etwas in Geduld \u00fcben &#8211; viele andere hatten offenbar die selbe Idee und [&hellip;]<\/p>\n","protected":false},"author":1,"featured_media":0,"comment_status":"open","ping_status":"open","sticky":false,"template":"","format":"standard","meta":{"footnotes":""},"categories":[19],"tags":[86,310,21],"_links":{"self":[{"href":"https:\/\/blogkom.net\/wp\/wp-json\/wp\/v2\/posts\/337"}],"collection":[{"href":"https:\/\/blogkom.net\/wp\/wp-json\/wp\/v2\/posts"}],"about":[{"href":"https:\/\/blogkom.net\/wp\/wp-json\/wp\/v2\/types\/post"}],"author":[{"embeddable":true,"href":"https:\/\/blogkom.net\/wp\/wp-json\/wp\/v2\/users\/1"}],"replies":[{"embeddable":true,"href":"https:\/\/blogkom.net\/wp\/wp-json\/wp\/v2\/comments?post=337"}],"version-history":[{"count":0,"href":"https:\/\/blogkom.net\/wp\/wp-json\/wp\/v2\/posts\/337\/revisions"}],"wp:attachment":[{"href":"https:\/\/blogkom.net\/wp\/wp-json\/wp\/v2\/media?parent=337"}],"wp:term":[{"taxonomy":"category","embeddable":true,"href":"https:\/\/blogkom.net\/wp\/wp-json\/wp\/v2\/categories?post=337"},{"taxonomy":"post_tag","embeddable":true,"href":"https:\/\/blogkom.net\/wp\/wp-json\/wp\/v2\/tags?post=337"}],"curies":[{"name":"wp","href":"https:\/\/api.w.org\/{rel}","templated":true}]}}