{"id":957,"date":"2008-08-31T11:30:57","date_gmt":"2008-08-31T09:30:57","guid":{"rendered":"http:\/\/blogkom.net\/wp\/?p=957"},"modified":"2008-08-31T12:08:29","modified_gmt":"2008-08-31T10:08:29","slug":"komische-vergleiche","status":"publish","type":"post","link":"https:\/\/blogkom.net\/wp\/komische-vergleiche\/31\/08\/2008","title":{"rendered":"Komische Vergleiche"},"content":{"rendered":"<p>Jetzt haben diese Saufgelage, die von den Medien ziemlich in den Vordergrund ger\u00fcckt wurden, in verschiedenen Schweizer St\u00e4dten stattgefunden. Auf verschiedenen Online-Medien konnte man als Leser auch seine Kommentare abgeben. Die allermeisten waren einem Schwarz-Weiss-Muster zuzuordnen. Die eine verurteilen diese Gelage, andere sehen darin nichts Besonderes &#8211; Zwischent\u00f6ne habe ich fast keine gelesen.<\/p>\n<p>Ich hatte mich vor ein paar Tagen auch gegen diese Orgien <a title=\"Saufen und Liberalismus\" href=\"http:\/\/blogkom.net\/wp\/?p=931\">ausgesprochen<\/a> und ein paar Kommentare erhalten. Ein Einwand war immer wieder, dass es ja verschiedene andere Saufgelage g\u00e4be &#8211; Sommerfeste, Sechsel\u00e4uten, Sch\u00fctzen- und Turnfeste usw., aber da w\u00fcrde niemand was sagen. Ja sicher, das ist so. Nur habe ich immer meine M\u00fche, wenn man etwas Negatives mit etwas gleich Negativem legitimieren will &#8211; das geht mir zu sehr nach dem Muster &#8222;Hansli tut auch&#8220;. Das \u00fcberzeugt mich nicht, ich sehe auch heute keinen Sinn in so einem Anlass.<\/p>\n<p>Ein weiteres Argument war, dass es sich bei diesen Gelagen um einen Protest der Jungen gegen die Alten handleln w\u00fcrde oder es solle als Provokation verstanden werden. Aber auch das Argument will mir nicht einleuchten: Klar hat es die Provokation der Jungen gegen\u00fcber den Alten immer gegeben &#8211; aber bisher hatten solche Provokationen auch einen Inhalt, eine Botschaft. Es wurde f\u00fcr oder gegen etwas protestiert &#8211; aber diese Saufgelage haben gar keinen Inhalt &#8211; es wird einfach nur gesoffen, ohne eine Botschaft zu transportieren (oder gibt es doch eine, nur habe ich sie nicht verstanden?).<\/p>\n<p>Zusammenfassend: Auch die zwei geschilterten Argumente, nicht gegen dieses organisierte Trinken zu sein, haben mir auch bis heute nicht \u00fcberzeugt. Aber ich bin immer noch offen f\u00fcr Argumente, die mir dann vielleicht enleuchten werden.<\/p>\n","protected":false},"excerpt":{"rendered":"<p>Jetzt haben diese Saufgelage, die von den Medien ziemlich in den Vordergrund ger\u00fcckt wurden, in verschiedenen Schweizer St\u00e4dten stattgefunden. Auf verschiedenen Online-Medien konnte man als Leser auch seine Kommentare abgeben. Die allermeisten waren einem Schwarz-Weiss-Muster zuzuordnen. Die eine verurteilen diese Gelage, andere sehen darin nichts Besonderes &#8211; Zwischent\u00f6ne habe ich fast keine gelesen. Ich hatte [&hellip;]<\/p>\n","protected":false},"author":1,"featured_media":0,"comment_status":"open","ping_status":"open","sticky":false,"template":"","format":"standard","meta":{"footnotes":""},"categories":[147],"tags":[312],"_links":{"self":[{"href":"https:\/\/blogkom.net\/wp\/wp-json\/wp\/v2\/posts\/957"}],"collection":[{"href":"https:\/\/blogkom.net\/wp\/wp-json\/wp\/v2\/posts"}],"about":[{"href":"https:\/\/blogkom.net\/wp\/wp-json\/wp\/v2\/types\/post"}],"author":[{"embeddable":true,"href":"https:\/\/blogkom.net\/wp\/wp-json\/wp\/v2\/users\/1"}],"replies":[{"embeddable":true,"href":"https:\/\/blogkom.net\/wp\/wp-json\/wp\/v2\/comments?post=957"}],"version-history":[{"count":0,"href":"https:\/\/blogkom.net\/wp\/wp-json\/wp\/v2\/posts\/957\/revisions"}],"wp:attachment":[{"href":"https:\/\/blogkom.net\/wp\/wp-json\/wp\/v2\/media?parent=957"}],"wp:term":[{"taxonomy":"category","embeddable":true,"href":"https:\/\/blogkom.net\/wp\/wp-json\/wp\/v2\/categories?post=957"},{"taxonomy":"post_tag","embeddable":true,"href":"https:\/\/blogkom.net\/wp\/wp-json\/wp\/v2\/tags?post=957"}],"curies":[{"name":"wp","href":"https:\/\/api.w.org\/{rel}","templated":true}]}}